{"id":660,"date":"2026-03-04T15:02:27","date_gmt":"2026-03-04T14:02:27","guid":{"rendered":"https:\/\/temoignages.cpe.fr\/?p=660"},"modified":"2026-03-04T15:05:11","modified_gmt":"2026-03-04T14:05:11","slug":"presentation-de-la-formation-irc-informatique-et-reseaux-de-communication","status":"publish","type":"post","link":"https:\/\/temoignages.cpe.fr\/2026\/03\/04\/presentation-de-la-formation-irc-informatique-et-reseaux-de-communication\/","title":{"rendered":"Pr\u00e9sentation de la formation IRC : Informatique et R\u00e9seaux de Communication"},"content":{"rendered":"<p>Pr\u00e9sentation de la formation Informatique et R\u00e9seaux de Communication (IRC), en alternance<br \/>\nCette formation en Informatique et r\u00e9seaux de communication, aux nombreux d\u00e9bouch\u00e9s,\u00a0permet de rejoindre le milieu professionnel d\u00e8s l\u2019int\u00e9gration \u00e0 l\u2019\u00e9cole.<br \/>\nLa formation permet de ma\u00eetriser :<br \/>\n\ud83d\udc49 Les syst\u00e8mes d\u2019informations et cloud computing<br \/>\n\ud83d\udc49 Les technologies et langages internet, l\u2019IA<br \/>\n\ud83d\udc49 Les syst\u00e8mes embarqu\u00e9s et applications mobiles<br \/>\n\ud83d\udc49 Les architectures r\u00e9seaux<br \/>\n\ud83d\udc49La s\u00e9curit\u00e9 des syst\u00e8mes et des r\u00e9seaux.<br \/>\nTom, \u00e9tudiant en IRC, nous raconte son exp\u00e9rience au sein de la formation !<br \/>\n\u27a1\ufe0fInt\u00e9ress\u00e9(e) par la formation ? D\u00e9posez votre dossier en ligne sur le site de l\u2019ITII de Lyon !<\/p>\n","protected":false},"excerpt":{"rendered":"<p>Pr\u00e9sentation de la formation Informatique et R\u00e9seaux de Communication (IRC), en alternance Cette formation en Informatique et r\u00e9seaux de communication, aux nombreux d\u00e9bouch\u00e9s,\u00a0permet de rejoindre le milieu professionnel d\u00e8s l\u2019int\u00e9gration \u00e0 l\u2019\u00e9cole. La formation permet de ma\u00eetriser : \ud83d\udc49 Les syst\u00e8mes d\u2019informations et cloud computing \ud83d\udc49 Les technologies et langages internet, l\u2019IA \ud83d\udc49 Les syst\u00e8mes [&hellip;]<\/p>\n","protected":false},"author":6,"featured_media":664,"comment_status":"open","ping_status":"open","sticky":false,"template":"","format":"standard","meta":{"_acf_changed":false,"footnotes":""},"categories":[15,7,19],"tags":[],"class_list":["post-660","post","type-post","status-publish","format-standard","has-post-thumbnail","hentry","category-apprentis","category-parcours-inspirants","category-numerique-fr"],"acf":[],"_links":{"self":[{"href":"https:\/\/temoignages.cpe.fr\/fr\/wp-json\/wp\/v2\/posts\/660","targetHints":{"allow":["GET"]}}],"collection":[{"href":"https:\/\/temoignages.cpe.fr\/fr\/wp-json\/wp\/v2\/posts"}],"about":[{"href":"https:\/\/temoignages.cpe.fr\/fr\/wp-json\/wp\/v2\/types\/post"}],"author":[{"embeddable":true,"href":"https:\/\/temoignages.cpe.fr\/fr\/wp-json\/wp\/v2\/users\/6"}],"replies":[{"embeddable":true,"href":"https:\/\/temoignages.cpe.fr\/fr\/wp-json\/wp\/v2\/comments?post=660"}],"version-history":[{"count":3,"href":"https:\/\/temoignages.cpe.fr\/fr\/wp-json\/wp\/v2\/posts\/660\/revisions"}],"predecessor-version":[{"id":666,"href":"https:\/\/temoignages.cpe.fr\/fr\/wp-json\/wp\/v2\/posts\/660\/revisions\/666"}],"wp:featuredmedia":[{"embeddable":true,"href":"https:\/\/temoignages.cpe.fr\/fr\/wp-json\/wp\/v2\/media\/664"}],"wp:attachment":[{"href":"https:\/\/temoignages.cpe.fr\/fr\/wp-json\/wp\/v2\/media?parent=660"}],"wp:term":[{"taxonomy":"category","embeddable":true,"href":"https:\/\/temoignages.cpe.fr\/fr\/wp-json\/wp\/v2\/categories?post=660"},{"taxonomy":"post_tag","embeddable":true,"href":"https:\/\/temoignages.cpe.fr\/fr\/wp-json\/wp\/v2\/tags?post=660"}],"curies":[{"name":"wp","href":"https:\/\/api.w.org\/{rel}","templated":true}]}}