{"id":646,"date":"2026-03-04T14:48:33","date_gmt":"2026-03-04T13:48:33","guid":{"rendered":"https:\/\/temoignages.cpe.fr\/?p=646"},"modified":"2026-03-04T14:50:59","modified_gmt":"2026-03-04T13:50:59","slug":"presentation-formation-ics-cybersecurite-informatique","status":"publish","type":"post","link":"https:\/\/temoignages.cpe.fr\/2026\/03\/04\/presentation-formation-ics-cybersecurite-informatique\/","title":{"rendered":"Pr\u00e9sentation formation ICS : Informatique et Cybers\u00e9curit\u00e9"},"content":{"rendered":"<p>Pr\u00e9sentation de la formation Informatique et Cybers\u00e9curit\u00e9 (ICS), en alternance<br \/>\nCe\u00a0dipl\u00f4me \u2013qui a obtenu l\u2019accr\u00e9ditation\u00a0de la\u00a0Commission des Titres d\u2019Ing\u00e9nieur\u00a0(CTI) en avril 2019\u2013 a pour objectif\u00a0de\u00a0former des\u00a0ing\u00e9nieurs polyvalents\u00a0capables d\u2019accompagner la\u00a0transformation num\u00e9rique des entreprises,\u00a0dans des domaines tels que la\u00a0cybers\u00e9curit\u00e9, le\u00a0traitement de donn\u00e9es\u00a0et le \u00ab\u00a0DevOps\u00a0\u00bb (un mouvement en ing\u00e9nierie informatique et une pratique technique visant \u00e0 l\u2019unification du d\u00e9veloppement logiciel (dev) et de l\u2019administration des infrastructures informatiques (ops), notamment l\u2019administration syst\u00e8me).<br \/>\nCette nouvelle formation\u00a0 s\u2019appuie sur 3 domaines principaux, qui correspondent aux options de derni\u00e8re ann\u00e9e :<\/p>\n<p>La conception logicielle et la gouvernance de donn\u00e9es<br \/>\nLe DevOps<br \/>\nLa s\u00e9curit\u00e9 informatique<\/p>\n<p>Maximilien, \u00e9tudiant en 4eme ann\u00e9e en ICS, nous raconte son exp\u00e9rience au sein de cette formation \u00e0 CPE Lyon !<br \/>\n\u27a1\ufe0f Int\u00e9ress\u00e9(e) par la formation ? D\u00e9posez votre dossier en ligne sur le site de l&rsquo;ITII Lyon !<\/p>\n","protected":false},"excerpt":{"rendered":"<p>Pr\u00e9sentation de la formation Informatique et Cybers\u00e9curit\u00e9 (ICS), en alternance Ce\u00a0dipl\u00f4me \u2013qui a obtenu l\u2019accr\u00e9ditation\u00a0de la\u00a0Commission des Titres d\u2019Ing\u00e9nieur\u00a0(CTI) en avril 2019\u2013 a pour objectif\u00a0de\u00a0former des\u00a0ing\u00e9nieurs polyvalents\u00a0capables d\u2019accompagner la\u00a0transformation num\u00e9rique des entreprises,\u00a0dans des domaines tels que la\u00a0cybers\u00e9curit\u00e9, le\u00a0traitement de donn\u00e9es\u00a0et le \u00ab\u00a0DevOps\u00a0\u00bb (un mouvement en ing\u00e9nierie informatique et une pratique technique visant \u00e0 l\u2019unification du [&hellip;]<\/p>\n","protected":false},"author":6,"featured_media":653,"comment_status":"open","ping_status":"open","sticky":false,"template":"","format":"standard","meta":{"_acf_changed":false,"footnotes":""},"categories":[15,7,19],"tags":[],"class_list":["post-646","post","type-post","status-publish","format-standard","has-post-thumbnail","hentry","category-apprentis","category-parcours-inspirants","category-numerique-fr"],"acf":[],"_links":{"self":[{"href":"https:\/\/temoignages.cpe.fr\/fr\/wp-json\/wp\/v2\/posts\/646","targetHints":{"allow":["GET"]}}],"collection":[{"href":"https:\/\/temoignages.cpe.fr\/fr\/wp-json\/wp\/v2\/posts"}],"about":[{"href":"https:\/\/temoignages.cpe.fr\/fr\/wp-json\/wp\/v2\/types\/post"}],"author":[{"embeddable":true,"href":"https:\/\/temoignages.cpe.fr\/fr\/wp-json\/wp\/v2\/users\/6"}],"replies":[{"embeddable":true,"href":"https:\/\/temoignages.cpe.fr\/fr\/wp-json\/wp\/v2\/comments?post=646"}],"version-history":[{"count":4,"href":"https:\/\/temoignages.cpe.fr\/fr\/wp-json\/wp\/v2\/posts\/646\/revisions"}],"predecessor-version":[{"id":654,"href":"https:\/\/temoignages.cpe.fr\/fr\/wp-json\/wp\/v2\/posts\/646\/revisions\/654"}],"wp:featuredmedia":[{"embeddable":true,"href":"https:\/\/temoignages.cpe.fr\/fr\/wp-json\/wp\/v2\/media\/653"}],"wp:attachment":[{"href":"https:\/\/temoignages.cpe.fr\/fr\/wp-json\/wp\/v2\/media?parent=646"}],"wp:term":[{"taxonomy":"category","embeddable":true,"href":"https:\/\/temoignages.cpe.fr\/fr\/wp-json\/wp\/v2\/categories?post=646"},{"taxonomy":"post_tag","embeddable":true,"href":"https:\/\/temoignages.cpe.fr\/fr\/wp-json\/wp\/v2\/tags?post=646"}],"curies":[{"name":"wp","href":"https:\/\/api.w.org\/{rel}","templated":true}]}}