{"id":633,"date":"2026-01-15T14:26:24","date_gmt":"2026-01-15T13:26:24","guid":{"rendered":"https:\/\/temoignages.cpe.fr\/?p=633"},"modified":"2026-03-04T15:22:23","modified_gmt":"2026-03-04T14:22:23","slug":"mobilite-internationale-pour-les-psm-physique-et-systemes-microelectroniques","status":"publish","type":"post","link":"https:\/\/temoignages.cpe.fr\/2026\/01\/15\/mobilite-internationale-pour-les-psm-physique-et-systemes-microelectroniques\/","title":{"rendered":"Mobilit\u00e9 internationale pour les PSM : Physique et Syst\u00e8mes Micro\u00e9lectroniques"},"content":{"rendered":"<p>Quand l\u2019international enrichit le parcours des \u00e9tudiants PSM !<br \/>\n\u00c0 CPE Lyon, nous avons \u00e0 c\u0153ur d\u2019offrir \u00e0 nos \u00e9tudiants des exp\u00e9riences formatrices, en France comme \u00e0 l\u2019international.Aujourd\u2019hui, nous partons \u00e0 la rencontre de Sharon, Philippe et Vincent, \u00e9tudiants en Physique et Syst\u00e8mes Micro\u00e9lectroniques (PSM).<br \/>\nIls nous partagent leur exp\u00e9rience \u00e0 l\u2019international, une \u00e9tape cl\u00e9 de leur parcours \u00e0 CPE Lyon. Ces exp\u00e9riences leur ont permis de d\u00e9velopper de nouvelles comp\u00e9tences, de gagner en autonomie et d\u2019\u00e9largir leur vision des enjeux scientifiques et technologiques.<br \/>\nL\u2019ouverture internationale fait pleinement partie de l\u2019ADN de CPE Lyon, et s\u2019inscrit au c\u0153ur de nos formations, afin de pr\u00e9parer nos \u00e9tudiants \u00e0 \u00e9voluer dans un environnement professionnel toujours plus globalis\u00e9.<br \/>\nPour en savoir plus sur nos formations : www.cpe.fr\u00a0<\/p>\n","protected":false},"excerpt":{"rendered":"<p>Quand l\u2019international enrichit le parcours des \u00e9tudiants PSM ! \u00c0 CPE Lyon, nous avons \u00e0 c\u0153ur d\u2019offrir \u00e0 nos \u00e9tudiants des exp\u00e9riences formatrices, en France comme \u00e0 l\u2019international.Aujourd\u2019hui, nous partons \u00e0 la rencontre de Sharon, Philippe et Vincent, \u00e9tudiants en Physique et Syst\u00e8mes Micro\u00e9lectroniques (PSM). Ils nous partagent leur exp\u00e9rience \u00e0 l\u2019international, une \u00e9tape cl\u00e9 [&hellip;]<\/p>\n","protected":false},"author":6,"featured_media":635,"comment_status":"open","ping_status":"open","sticky":false,"template":"","format":"standard","meta":{"_acf_changed":false,"footnotes":""},"categories":[15,7,3,19,11],"tags":[],"class_list":["post-633","post","type-post","status-publish","format-standard","has-post-thumbnail","hentry","category-apprentis","category-parcours-inspirants","category-international","category-numerique-fr","category-stage"],"acf":[],"_links":{"self":[{"href":"https:\/\/temoignages.cpe.fr\/fr\/wp-json\/wp\/v2\/posts\/633","targetHints":{"allow":["GET"]}}],"collection":[{"href":"https:\/\/temoignages.cpe.fr\/fr\/wp-json\/wp\/v2\/posts"}],"about":[{"href":"https:\/\/temoignages.cpe.fr\/fr\/wp-json\/wp\/v2\/types\/post"}],"author":[{"embeddable":true,"href":"https:\/\/temoignages.cpe.fr\/fr\/wp-json\/wp\/v2\/users\/6"}],"replies":[{"embeddable":true,"href":"https:\/\/temoignages.cpe.fr\/fr\/wp-json\/wp\/v2\/comments?post=633"}],"version-history":[{"count":3,"href":"https:\/\/temoignages.cpe.fr\/fr\/wp-json\/wp\/v2\/posts\/633\/revisions"}],"predecessor-version":[{"id":680,"href":"https:\/\/temoignages.cpe.fr\/fr\/wp-json\/wp\/v2\/posts\/633\/revisions\/680"}],"wp:featuredmedia":[{"embeddable":true,"href":"https:\/\/temoignages.cpe.fr\/fr\/wp-json\/wp\/v2\/media\/635"}],"wp:attachment":[{"href":"https:\/\/temoignages.cpe.fr\/fr\/wp-json\/wp\/v2\/media?parent=633"}],"wp:term":[{"taxonomy":"category","embeddable":true,"href":"https:\/\/temoignages.cpe.fr\/fr\/wp-json\/wp\/v2\/categories?post=633"},{"taxonomy":"post_tag","embeddable":true,"href":"https:\/\/temoignages.cpe.fr\/fr\/wp-json\/wp\/v2\/tags?post=633"}],"curies":[{"name":"wp","href":"https:\/\/api.w.org\/{rel}","templated":true}]}}