{"id":596,"date":"2025-12-03T14:58:10","date_gmt":"2025-12-03T13:58:10","guid":{"rendered":"https:\/\/temoignages.cpe.fr\/?p=596"},"modified":"2025-12-03T14:58:11","modified_gmt":"2025-12-03T13:58:11","slug":"retour-sur-la-premiere-edition-de-linnovschool","status":"publish","type":"post","link":"https:\/\/temoignages.cpe.fr\/2025\/12\/03\/retour-sur-la-premiere-edition-de-linnovschool\/","title":{"rendered":"Retour sur la premi\u00e8re \u00e9dition de l\u2019Innov@school"},"content":{"rendered":"<p>Retour sur la premi\u00e8re \u00e9dition de l\u2019Innov@school : cr\u00e9ativit\u00e9 et engagement au rendez-vous !<br \/>\nLe 4 novembre dernier s\u2019est tenue la toute premi\u00e8re \u00e9dition de l\u2019Innov@school, un \u00e9v\u00e9nement d\u00e9di\u00e9 \u00e0 l\u2019innovation, \u00e0 la cr\u00e9ativit\u00e9 et \u00e0 l\u2019esprit d\u2019initiative de nos \u00e9tudiants de derni\u00e8re ann\u00e9e. Apr\u00e8s un mois de travail intensif autour de th\u00e9matiques \u00e9tudiantes et soci\u00e9tales, ils ont pr\u00e9sent\u00e9 leurs projets devant un public curieux et enthousiaste.<br \/>\nD\u00e9couvrez les projets !<\/p>\n","protected":false},"excerpt":{"rendered":"<p>Retour sur la premi\u00e8re \u00e9dition de l\u2019Innov@school : cr\u00e9ativit\u00e9 et engagement au rendez-vous ! Le 4 novembre dernier s\u2019est tenue la toute premi\u00e8re \u00e9dition de l\u2019Innov@school, un \u00e9v\u00e9nement d\u00e9di\u00e9 \u00e0 l\u2019innovation, \u00e0 la cr\u00e9ativit\u00e9 et \u00e0 l\u2019esprit d\u2019initiative de nos \u00e9tudiants de derni\u00e8re ann\u00e9e. Apr\u00e8s un mois de travail intensif autour de th\u00e9matiques \u00e9tudiantes et [&hellip;]<\/p>\n","protected":false},"author":6,"featured_media":597,"comment_status":"open","ping_status":"open","sticky":false,"template":"","format":"standard","meta":{"_acf_changed":false,"footnotes":""},"categories":[16,14,7,17],"tags":[],"class_list":["post-596","post","type-post","status-publish","format-standard","has-post-thumbnail","hentry","category-chimie","category-etudiant","category-parcours-inspirants","category-numerique"],"acf":[],"_links":{"self":[{"href":"https:\/\/temoignages.cpe.fr\/fr\/wp-json\/wp\/v2\/posts\/596","targetHints":{"allow":["GET"]}}],"collection":[{"href":"https:\/\/temoignages.cpe.fr\/fr\/wp-json\/wp\/v2\/posts"}],"about":[{"href":"https:\/\/temoignages.cpe.fr\/fr\/wp-json\/wp\/v2\/types\/post"}],"author":[{"embeddable":true,"href":"https:\/\/temoignages.cpe.fr\/fr\/wp-json\/wp\/v2\/users\/6"}],"replies":[{"embeddable":true,"href":"https:\/\/temoignages.cpe.fr\/fr\/wp-json\/wp\/v2\/comments?post=596"}],"version-history":[{"count":3,"href":"https:\/\/temoignages.cpe.fr\/fr\/wp-json\/wp\/v2\/posts\/596\/revisions"}],"predecessor-version":[{"id":600,"href":"https:\/\/temoignages.cpe.fr\/fr\/wp-json\/wp\/v2\/posts\/596\/revisions\/600"}],"wp:featuredmedia":[{"embeddable":true,"href":"https:\/\/temoignages.cpe.fr\/fr\/wp-json\/wp\/v2\/media\/597"}],"wp:attachment":[{"href":"https:\/\/temoignages.cpe.fr\/fr\/wp-json\/wp\/v2\/media?parent=596"}],"wp:term":[{"taxonomy":"category","embeddable":true,"href":"https:\/\/temoignages.cpe.fr\/fr\/wp-json\/wp\/v2\/categories?post=596"},{"taxonomy":"post_tag","embeddable":true,"href":"https:\/\/temoignages.cpe.fr\/fr\/wp-json\/wp\/v2\/tags?post=596"}],"curies":[{"name":"wp","href":"https:\/\/api.w.org\/{rel}","templated":true}]}}