{"id":506,"date":"2025-06-18T16:25:44","date_gmt":"2025-06-18T14:25:44","guid":{"rendered":"https:\/\/temoignages.cpe.fr\/?p=506"},"modified":"2025-06-18T16:30:20","modified_gmt":"2025-06-18T14:30:20","slug":"506","status":"publish","type":"post","link":"https:\/\/temoignages.cpe.fr\/2025\/06\/18\/506\/","title":{"rendered":"Projet scientifique en num\u00e9rique : mise en place d\u2019une infrastructure virtualis\u00e9e avec Proxmox !"},"content":{"rendered":"<p>Projet de Majeure INFRA : mise en place d\u2019une infrastructure virtualis\u00e9e avec Proxmox !<br \/>\nDans le cadre des enseignements en syst\u00e8mes et r\u00e9seaux (projets scientifiques), nos \u00e9tudiants de 4e ann\u00e9e en fili\u00e8re Electronique &#8211; T\u00e9l\u00e9communications &#8211; Informatique (Majeure Infrastructure et s\u00e9curit\u00e9 des r\u00e9seaux) rel\u00e8vent un d\u00e9fi technique stimulant : concevoir et d\u00e9ployer en \u00e9quipe une infrastructure compl\u00e8te virtualis\u00e9e, int\u00e9grant services r\u00e9seau et applicatifs.<br \/>\nLe but ? Ma\u00eetriser les concepts de virtualisation, de gestion d\u2019infrastructure et garantir l\u2019interop\u00e9rabilit\u00e9 des services mis en place.<br \/>\nBravo \u00e0 eux pour ce travail !<br \/>\nEt merci \u00e0 Yann Adrien pour le t\u00e9moignage !<\/p>\n","protected":false},"excerpt":{"rendered":"<p>Projet de Majeure INFRA : mise en place d\u2019une infrastructure virtualis\u00e9e avec Proxmox ! Dans le cadre des enseignements en syst\u00e8mes et r\u00e9seaux (projets scientifiques), nos \u00e9tudiants de 4e ann\u00e9e en fili\u00e8re Electronique &#8211; T\u00e9l\u00e9communications &#8211; Informatique (Majeure Infrastructure et s\u00e9curit\u00e9 des r\u00e9seaux) rel\u00e8vent un d\u00e9fi technique stimulant : concevoir et d\u00e9ployer en \u00e9quipe une [&hellip;]<\/p>\n","protected":false},"author":6,"featured_media":507,"comment_status":"open","ping_status":"open","sticky":false,"template":"","format":"standard","meta":{"_acf_changed":false,"footnotes":""},"categories":[14,7,17],"tags":[],"class_list":["post-506","post","type-post","status-publish","format-standard","has-post-thumbnail","hentry","category-etudiant","category-parcours-inspirants","category-numerique"],"acf":[],"_links":{"self":[{"href":"https:\/\/temoignages.cpe.fr\/fr\/wp-json\/wp\/v2\/posts\/506","targetHints":{"allow":["GET"]}}],"collection":[{"href":"https:\/\/temoignages.cpe.fr\/fr\/wp-json\/wp\/v2\/posts"}],"about":[{"href":"https:\/\/temoignages.cpe.fr\/fr\/wp-json\/wp\/v2\/types\/post"}],"author":[{"embeddable":true,"href":"https:\/\/temoignages.cpe.fr\/fr\/wp-json\/wp\/v2\/users\/6"}],"replies":[{"embeddable":true,"href":"https:\/\/temoignages.cpe.fr\/fr\/wp-json\/wp\/v2\/comments?post=506"}],"version-history":[{"count":4,"href":"https:\/\/temoignages.cpe.fr\/fr\/wp-json\/wp\/v2\/posts\/506\/revisions"}],"predecessor-version":[{"id":516,"href":"https:\/\/temoignages.cpe.fr\/fr\/wp-json\/wp\/v2\/posts\/506\/revisions\/516"}],"wp:featuredmedia":[{"embeddable":true,"href":"https:\/\/temoignages.cpe.fr\/fr\/wp-json\/wp\/v2\/media\/507"}],"wp:attachment":[{"href":"https:\/\/temoignages.cpe.fr\/fr\/wp-json\/wp\/v2\/media?parent=506"}],"wp:term":[{"taxonomy":"category","embeddable":true,"href":"https:\/\/temoignages.cpe.fr\/fr\/wp-json\/wp\/v2\/categories?post=506"},{"taxonomy":"post_tag","embeddable":true,"href":"https:\/\/temoignages.cpe.fr\/fr\/wp-json\/wp\/v2\/tags?post=506"}],"curies":[{"name":"wp","href":"https:\/\/api.w.org\/{rel}","templated":true}]}}