{"id":469,"date":"2025-05-15T14:26:30","date_gmt":"2025-05-15T12:26:30","guid":{"rendered":"https:\/\/temoignages.cpe.fr\/?p=469"},"modified":"2025-05-15T14:27:48","modified_gmt":"2025-05-15T12:27:48","slug":"stagiaires-ingenieurs-en-colombie-dans-un-laboratoire-de-recherche-en-reseaux-et-telecommunications","status":"publish","type":"post","link":"https:\/\/temoignages.cpe.fr\/2025\/05\/15\/stagiaires-ingenieurs-en-colombie-dans-un-laboratoire-de-recherche-en-reseaux-et-telecommunications\/","title":{"rendered":"Stagiaires Ing\u00e9nieurs en Colombie, dans un laboratoire de recherche en r\u00e9seaux et t\u00e9l\u00e9communications \ud83c\udde8\ud83c\uddf4"},"content":{"rendered":"<p>Parcours r\u00e9seaux et t\u00e9l\u00e9coms : ils font leur stage El\u00e8ve Ing\u00e9nieur en Colombie, dans un laboratoire de recherche en r\u00e9seaux et t\u00e9l\u00e9communications<\/p>\n<p>Etudiants en fin d\u2019ann\u00e9e 4 au sein du programme de formation \u00ab Electronique \u2013 t\u00e9l\u00e9communications \u2013 informatique \u00bb \u00e0 CPE Lyon, ils effectuent actuellement leur stage \u00ab El\u00e8ve ing\u00e9nieur \u00bb de fin d\u2019ann\u00e9e 4 au sein d\u2019un laboratoire de recherche d\u2019une universit\u00e9 colombienne, \u00e0 Bogota.<\/p>\n<p>Gr\u00e2ce \u00e0 un partenariat entre CPE Lyon et l\u2019\u00e9cole doctorale de\u00a0l\u2019Universit\u00e9 militaire Nueva Granada\u00a0de Bogota en Colombie, \u00e9tabli \u00e0 partir des liens entre Oscar Carillo et Edward Guillen du laboratoire et de l\u2019\u00e9cole doctorale, des opportunit\u00e9s des stages (pour les \u00e9tudiants) et missions (pour les alternants) sont propos\u00e9es aux \u00e9tudiants de l\u2019\u00e9cole.<br \/>\nAinsi, Samy, Alban, Martin et Corentin ont lev\u00e9 les voiles vers un stage atypique, dans le but de rencontrer de nouvelles personnes, s\u2019acclimater \u00e0 une nouvelle culture, perfectionner leur espagnol et leur anglais et trouver un cadre de travail enrichissant.<\/p>\n<p>Ils y ont d\u00e9couvert des gens\u00a0bienveillants et gentils, dans une ambiance chaleureuse. Ils ont \u00e9galement pu se faire de nouveaux amis, avec qui ils partagent des\u00a0moments de d\u00e9couverte\u00a0de la ville, pratiquent des activit\u00e9s physiques et bien entendu, font la f\u00eate.<br \/>\nConcernant\u00a0l\u2019aspect technique\u00a0de ce stage \u00e9l\u00e8ve ing\u00e9nieur, les quatre \u00e9tudiants travaillent en duo sur deux projets diff\u00e9rents.<br \/>\nLe projet en lui-m\u00eame\u00a0:<br \/>\nLe premier concerne\u00a0la mise en place et la configuration d\u2019une cabane connect\u00e9e, permettant l\u2019\u00e9tude des esp\u00e8ces locales \u00e0 Bogota (se trouvant tout de m\u00eame \u00e0 2600 m\u00e8tres d\u2019altitude). Les \u00e9tudiants utilisent pour cela, l\u2019infrastructure du laboratoire avec ses n\u0153uds de communication pour pouvoir \u00e9tablir des liens vers les objets connect\u00e9s (capteur IoT), le stockage \u00ab\u00a0on premise\u00a0\u00bb (une alternative de stockage au cloud) ainsi que le monitoring. Les \u00e9tudiants manipulent \u00e9galement des logiciels sp\u00e9cialis\u00e9s.<br \/>\nLe second projet est quant \u00e0 lui port\u00e9 sur\u00a0le\u00a0\u00ab\u00a0machine learning\u00a0\u00bb\u00a0permettant d\u2019effectuer de la reconnaissance faciale et d\u00e9tection d\u2019objets. Pour cela, les \u00e9tudiants utilisent la biblioth\u00e8que TensorFlow sur des cartes et capteurs CORAL de Google.<br \/>\nLes deux projets seront ensuite combin\u00e9s l\u2019un \u00e0 l\u2019autre pour donner naissance \u00e0 un ensemble abouti dont les \u00e9tudiants devront faire part sur le site du laboratoire sous la forme d\u2019un article.<br \/>\nCe grand projet s\u2019inclura dans une dynamique de coop\u00e9ration avec le d\u00e9partement de biologie et sciences appliqu\u00e9es, puis impl\u00e9ment\u00e9 sur le campus de Cajic\u00e0.<br \/>\nPlus d\u2019informations sur la formation \u00ab \u00e9lectronique, t\u00e9l\u00e9communication et informatique \u00bb<br \/>\nPlus d\u2019informations sur la majeure \u00ab\u00a0infrastructure et s\u00e9curit\u00e9 des r\u00e9seaux et des objets communicants\u00a0\u00bb<\/p>\n","protected":false},"excerpt":{"rendered":"<p>Parcours r\u00e9seaux et t\u00e9l\u00e9coms : ils font leur stage El\u00e8ve Ing\u00e9nieur en Colombie, dans un laboratoire de recherche en r\u00e9seaux et t\u00e9l\u00e9communications Etudiants en fin d\u2019ann\u00e9e 4 au sein du programme de formation \u00ab Electronique \u2013 t\u00e9l\u00e9communications \u2013 informatique \u00bb \u00e0 CPE Lyon, ils effectuent actuellement leur stage \u00ab El\u00e8ve ing\u00e9nieur \u00bb de fin d\u2019ann\u00e9e [&hellip;]<\/p>\n","protected":false},"author":7,"featured_media":470,"comment_status":"open","ping_status":"open","sticky":false,"template":"","format":"standard","meta":{"_acf_changed":false,"footnotes":""},"categories":[3,11],"tags":[],"class_list":["post-469","post","type-post","status-publish","format-standard","has-post-thumbnail","hentry","category-international","category-stage"],"acf":[],"_links":{"self":[{"href":"https:\/\/temoignages.cpe.fr\/fr\/wp-json\/wp\/v2\/posts\/469","targetHints":{"allow":["GET"]}}],"collection":[{"href":"https:\/\/temoignages.cpe.fr\/fr\/wp-json\/wp\/v2\/posts"}],"about":[{"href":"https:\/\/temoignages.cpe.fr\/fr\/wp-json\/wp\/v2\/types\/post"}],"author":[{"embeddable":true,"href":"https:\/\/temoignages.cpe.fr\/fr\/wp-json\/wp\/v2\/users\/7"}],"replies":[{"embeddable":true,"href":"https:\/\/temoignages.cpe.fr\/fr\/wp-json\/wp\/v2\/comments?post=469"}],"version-history":[{"count":3,"href":"https:\/\/temoignages.cpe.fr\/fr\/wp-json\/wp\/v2\/posts\/469\/revisions"}],"predecessor-version":[{"id":473,"href":"https:\/\/temoignages.cpe.fr\/fr\/wp-json\/wp\/v2\/posts\/469\/revisions\/473"}],"wp:featuredmedia":[{"embeddable":true,"href":"https:\/\/temoignages.cpe.fr\/fr\/wp-json\/wp\/v2\/media\/470"}],"wp:attachment":[{"href":"https:\/\/temoignages.cpe.fr\/fr\/wp-json\/wp\/v2\/media?parent=469"}],"wp:term":[{"taxonomy":"category","embeddable":true,"href":"https:\/\/temoignages.cpe.fr\/fr\/wp-json\/wp\/v2\/categories?post=469"},{"taxonomy":"post_tag","embeddable":true,"href":"https:\/\/temoignages.cpe.fr\/fr\/wp-json\/wp\/v2\/tags?post=469"}],"curies":[{"name":"wp","href":"https:\/\/api.w.org\/{rel}","templated":true}]}}