{"id":429,"date":"2025-05-15T11:14:45","date_gmt":"2025-05-15T09:14:45","guid":{"rendered":"https:\/\/temoignages.cpe.fr\/?p=429"},"modified":"2025-06-12T15:51:31","modified_gmt":"2025-06-12T13:51:31","slug":"malo-apprenti-en-informatique-et-reseaux-de-communication","status":"publish","type":"post","link":"https:\/\/temoignages.cpe.fr\/2025\/05\/15\/malo-apprenti-en-informatique-et-reseaux-de-communication\/","title":{"rendered":"Malo, apprenti en Informatique et R\u00e9seaux de Communication"},"content":{"rendered":"<p>Malo, \u00e9tudiant en ann\u00e9e 4 en Informatique et r\u00e9seaux de communication<\/p>\n<p>Malo, actuellement en ann\u00e9e 4 du cursus\u00a0Informatique et R\u00e9seaux de Communication\u00a0en alternance.<\/p>\n<p>Mon parcours \u00e0 CPE Lyon<br \/>\nMon parcours \u00e0 CPE Lyon est\u00a0une exp\u00e9rience enrichissante\u00a0en termes de rencontres ainsi que sur le plan acad\u00e9mique. Pendant trois ann\u00e9es, j\u2019ai eu la chance de c\u00f4toyer des professeurs et intervenants professionnels qualifi\u00e9s, tous anim\u00e9s par le d\u00e9sir de partager leurs connaissances pour former des ing\u00e9nieurs comp\u00e9tents.<br \/>\nUn moment marquant \u00e0 CPE<br \/>\nParmi les moments forts de ma formation \u00e0 CPE Lyon, celui qui m\u2019a particuli\u00e8rement marqu\u00e9 est\u00a0la participation \u00e0 un projet scientifique\u00a0visant \u00e0 concevoir une application compl\u00e8te de gestion des incendies. Ce projet de groupe, qui a combin\u00e9 diff\u00e9rentes comp\u00e9tences telles que le d\u00e9veloppement d\u2019une application, la mise en place d\u2019un r\u00e9seau complexe et l\u2019\u00e9tablissement d\u2019une cha\u00eene IoT, m\u2019a offert l\u2019opportunit\u00e9 de travailler sur des probl\u00e9matiques concr\u00e8tes et de d\u00e9velopper mes comp\u00e9tences en\u00a0gestion de projet.<br \/>\nLe principe \u00ab\u00a0Live and discover\u00a0\u00bb se traduit de diff\u00e9rentes mani\u00e8res dans mon quotidien<br \/>\nLe format des cours dispens\u00e9s offre\u00a0une ouverture dans un domaine, et permet une autonomie dans laquelle il est toujours possible d\u2019aller plus loin et d\u2019explorer, si l\u2019on s\u2019en donne la peine. Dans un autre registre, CPE Lyon propose des ateliers, des conf\u00e9rences et d\u2019autres \u00e9v\u00e9nements permettant de s\u2019impliquer dans la vie de l\u2019\u00e9cole et de rester au courant des derni\u00e8res avanc\u00e9es technologiques.<br \/>\nLe + de l\u2019\u00e9cole pour mon futur m\u00e9tier<br \/>\nCPE Lyon pr\u00e9pare ses futurs ing\u00e9nieurs\u00a0en basant ses cours sur les besoins du march\u00e9. C\u2019est dans ce cadre que de nombreux\u00a0acteurs professionnels prennent part aux formations, permettant ainsi d\u2019acqu\u00e9rir de solides comp\u00e9tences techniques et de les confronter aux exigences du monde du travail. L\u2019expertise des intervenants est une force majeure de l\u2019apprentissage au sein de CPE Lyon puisque cela contribue \u00e0 sortir de la bulle acad\u00e9mique et\u00a0favorise la curiosit\u00e9 et la responsabilisation.<br \/>\nUne d\u00e9couverte inattendue \u00e0 CPE<br \/>\nUne d\u00e9couverte inattendue que j\u2019ai faite \u00e0 CPE Lyon concerne\u00a0ma capacit\u00e9 \u00e0 collaborer et \u00e0 diriger des projets\u00a0ou des travaux de groupe. Il est impossible de tout faire et de tout contr\u00f4ler. J\u2019ai d\u00fb l\u2019accepter afin de sortir de ma zone de confort et d\u2019accorder ma confiance aux autres\u00a0pour r\u00e9partir et assembler le travail de chacun. Cette exp\u00e9rience m\u2019a permis de d\u00e9couvrir des qualit\u00e9s de leader, de communication et de gestion.<br \/>\nMon conseil aux futurs apprentis de CPE Lyon<br \/>\nMon conseil pour un futur apprenti de CPE Lyon serait de\u00a0saisir toutes les opportunit\u00e9s\u00a0qui se pr\u00e9sentent pour chercher \u00e0 approfondir les notions \u00e9tudi\u00e9es. Les exigences acad\u00e9miques ne doivent pas \u00eatre une limite \u00e0 la connaissance, mais plut\u00f4t la premi\u00e8re marche d\u2019un escalier dont on ne per\u00e7oit pas la fin.<\/p>\n","protected":false},"excerpt":{"rendered":"<p>Malo, \u00e9tudiant en ann\u00e9e 4 en Informatique et r\u00e9seaux de communication Malo, actuellement en ann\u00e9e 4 du cursus\u00a0Informatique et R\u00e9seaux de Communication\u00a0en alternance. Mon parcours \u00e0 CPE Lyon Mon parcours \u00e0 CPE Lyon est\u00a0une exp\u00e9rience enrichissante\u00a0en termes de rencontres ainsi que sur le plan acad\u00e9mique. Pendant trois ann\u00e9es, j\u2019ai eu la chance de c\u00f4toyer des [&hellip;]<\/p>\n","protected":false},"author":1,"featured_media":432,"comment_status":"open","ping_status":"open","sticky":false,"template":"","format":"standard","meta":{"_acf_changed":false,"footnotes":""},"categories":[15,7,19],"tags":[],"class_list":["post-429","post","type-post","status-publish","format-standard","has-post-thumbnail","hentry","category-apprentis","category-parcours-inspirants","category-numerique-fr"],"acf":[],"_links":{"self":[{"href":"https:\/\/temoignages.cpe.fr\/fr\/wp-json\/wp\/v2\/posts\/429","targetHints":{"allow":["GET"]}}],"collection":[{"href":"https:\/\/temoignages.cpe.fr\/fr\/wp-json\/wp\/v2\/posts"}],"about":[{"href":"https:\/\/temoignages.cpe.fr\/fr\/wp-json\/wp\/v2\/types\/post"}],"author":[{"embeddable":true,"href":"https:\/\/temoignages.cpe.fr\/fr\/wp-json\/wp\/v2\/users\/1"}],"replies":[{"embeddable":true,"href":"https:\/\/temoignages.cpe.fr\/fr\/wp-json\/wp\/v2\/comments?post=429"}],"version-history":[{"count":2,"href":"https:\/\/temoignages.cpe.fr\/fr\/wp-json\/wp\/v2\/posts\/429\/revisions"}],"predecessor-version":[{"id":431,"href":"https:\/\/temoignages.cpe.fr\/fr\/wp-json\/wp\/v2\/posts\/429\/revisions\/431"}],"wp:featuredmedia":[{"embeddable":true,"href":"https:\/\/temoignages.cpe.fr\/fr\/wp-json\/wp\/v2\/media\/432"}],"wp:attachment":[{"href":"https:\/\/temoignages.cpe.fr\/fr\/wp-json\/wp\/v2\/media?parent=429"}],"wp:term":[{"taxonomy":"category","embeddable":true,"href":"https:\/\/temoignages.cpe.fr\/fr\/wp-json\/wp\/v2\/categories?post=429"},{"taxonomy":"post_tag","embeddable":true,"href":"https:\/\/temoignages.cpe.fr\/fr\/wp-json\/wp\/v2\/tags?post=429"}],"curies":[{"name":"wp","href":"https:\/\/api.w.org\/{rel}","templated":true}]}}