{"id":240,"date":"2025-04-15T15:12:14","date_gmt":"2025-04-15T13:12:14","guid":{"rendered":"https:\/\/temoignages.cpe.fr\/?p=240"},"modified":"2025-05-22T11:34:50","modified_gmt":"2025-05-22T09:34:50","slug":"mathilde-diplomee-en-chimie-genie-des-procedes-phd-et-ingenieure-de-recherche-en-proteomique-structurale","status":"publish","type":"post","link":"https:\/\/temoignages.cpe.fr\/2025\/04\/15\/mathilde-diplomee-en-chimie-genie-des-procedes-phd-et-ingenieure-de-recherche-en-proteomique-structurale\/","title":{"rendered":"Mathilde, PhD et ing\u00e9nieure de recherche en prot\u00e9omique structurale chez Institut Pasteur"},"content":{"rendered":"<p>Mathilde, PhD et ing\u00e9nieure de recherche en prot\u00e9omique structurale chez Institut Pasteur, nous raconte son parcours<br \/>\nMathilde, dipl\u00f4m\u00e9e en Chimie-G\u00e9nie des Proc\u00e9d\u00e9s \u00e0 CPE Lyon, PhD et ing\u00e9nieure de recherche en prot\u00e9omique structurale chez Institut Pasteur, fondation fran\u00e7aise priv\u00e9e \u00e0 but non lucratif, qui se consacre \u00e0 l&rsquo;\u00e9tude de la biologie, des micro-organismes, des maladies et des vaccins, situ\u00e9e \u00e0 Paris, nous raconte son parcours.<\/p>\n","protected":false},"excerpt":{"rendered":"<p>Mathilde, PhD et ing\u00e9nieure de recherche en prot\u00e9omique structurale chez Institut Pasteur, nous raconte son parcours Mathilde, dipl\u00f4m\u00e9e en Chimie-G\u00e9nie des Proc\u00e9d\u00e9s \u00e0 CPE Lyon, PhD et ing\u00e9nieure de recherche en prot\u00e9omique structurale chez Institut Pasteur, fondation fran\u00e7aise priv\u00e9e \u00e0 but non lucratif, qui se consacre \u00e0 l&rsquo;\u00e9tude de la biologie, des micro-organismes, des maladies [&hellip;]<\/p>\n","protected":false},"author":7,"featured_media":241,"comment_status":"open","ping_status":"open","sticky":false,"template":"","format":"standard","meta":{"_acf_changed":false,"footnotes":""},"categories":[4,9,6],"tags":[],"class_list":["post-240","post","type-post","status-publish","format-standard","has-post-thumbnail","hentry","category-metier","category-metier-chimie","category-recherche"],"acf":[],"_links":{"self":[{"href":"https:\/\/temoignages.cpe.fr\/fr\/wp-json\/wp\/v2\/posts\/240","targetHints":{"allow":["GET"]}}],"collection":[{"href":"https:\/\/temoignages.cpe.fr\/fr\/wp-json\/wp\/v2\/posts"}],"about":[{"href":"https:\/\/temoignages.cpe.fr\/fr\/wp-json\/wp\/v2\/types\/post"}],"author":[{"embeddable":true,"href":"https:\/\/temoignages.cpe.fr\/fr\/wp-json\/wp\/v2\/users\/7"}],"replies":[{"embeddable":true,"href":"https:\/\/temoignages.cpe.fr\/fr\/wp-json\/wp\/v2\/comments?post=240"}],"version-history":[{"count":11,"href":"https:\/\/temoignages.cpe.fr\/fr\/wp-json\/wp\/v2\/posts\/240\/revisions"}],"predecessor-version":[{"id":493,"href":"https:\/\/temoignages.cpe.fr\/fr\/wp-json\/wp\/v2\/posts\/240\/revisions\/493"}],"wp:featuredmedia":[{"embeddable":true,"href":"https:\/\/temoignages.cpe.fr\/fr\/wp-json\/wp\/v2\/media\/241"}],"wp:attachment":[{"href":"https:\/\/temoignages.cpe.fr\/fr\/wp-json\/wp\/v2\/media?parent=240"}],"wp:term":[{"taxonomy":"category","embeddable":true,"href":"https:\/\/temoignages.cpe.fr\/fr\/wp-json\/wp\/v2\/categories?post=240"},{"taxonomy":"post_tag","embeddable":true,"href":"https:\/\/temoignages.cpe.fr\/fr\/wp-json\/wp\/v2\/tags?post=240"}],"curies":[{"name":"wp","href":"https:\/\/api.w.org\/{rel}","templated":true}]}}