{"id":20,"date":"2025-02-20T14:45:50","date_gmt":"2025-02-20T13:45:50","guid":{"rendered":"https:\/\/temoignages.cpe.fr\/?p=20"},"modified":"2025-05-14T11:25:59","modified_gmt":"2025-05-14T09:25:59","slug":"elena-et-laura-etudiantes-en-chimie-genie-des-procedes-au-canada-%f0%9f%87%a8%f0%9f%87%a6","status":"publish","type":"post","link":"https:\/\/temoignages.cpe.fr\/2025\/02\/20\/elena-et-laura-etudiantes-en-chimie-genie-des-procedes-au-canada-%f0%9f%87%a8%f0%9f%87%a6\/","title":{"rendered":"El\u00e9na et Laura, stagiaires dans un laboratoire sp\u00e9cialis\u00e9 en formulation cosm\u00e9tique, au Canada ! \ud83c\udde8\ud83c\udde6"},"content":{"rendered":"<p>Stage au Canada : El\u00e9na et Laura explorent la cosm\u00e9tique de demain \u00e0 Toronto !<br \/>\nApr\u00e8s leur parcours en classes pr\u00e9paratoires associ\u00e9es CPE Lyon &#8211; Institution des Chartreux, El\u00e9na et Laura ont choisi de poursuivre leurs \u00e9tudes dans la fili\u00e8re Chimie &#8211; G\u00e9nie des Proc\u00e9d\u00e9s \u00e0 CPE Lyon, o\u00f9 elles ont pu r\u00e9aliser leur stage de c\u00e9sure (facultatif) en 4e ann\u00e9e au Canada, \u00e0 Toronto.<br \/>\nAccueillies chez Cosmetica Laboratories, un laboratoire sp\u00e9cialis\u00e9 en formulation cosm\u00e9tique, elles ont int\u00e9gr\u00e9 le d\u00e9partement Recherche &amp; Innovation.<br \/>\nLeur mission ? Participer activement au d\u00e9veloppement de nouvelles formules de maquillage et de skincare (soin pour la peau), au c\u0153ur d\u2019un environnement international et stimulant.<br \/>\nUne exp\u00e9rience enrichissante, qui leur a permis de d\u00e9couvrir le monde de la cosm\u00e9tique&#8230; \u00e0 l\u2019international !\u00a0<\/p>\n","protected":false},"excerpt":{"rendered":"<p>Stage au Canada : El\u00e9na et Laura explorent la cosm\u00e9tique de demain \u00e0 Toronto ! Apr\u00e8s leur parcours en classes pr\u00e9paratoires associ\u00e9es CPE Lyon &#8211; Institution des Chartreux, El\u00e9na et Laura ont choisi de poursuivre leurs \u00e9tudes dans la fili\u00e8re Chimie &#8211; G\u00e9nie des Proc\u00e9d\u00e9s \u00e0 CPE Lyon, o\u00f9 elles ont pu r\u00e9aliser leur stage [&hellip;]<\/p>\n","protected":false},"author":1,"featured_media":22,"comment_status":"open","ping_status":"open","sticky":false,"template":"","format":"standard","meta":{"_acf_changed":false,"footnotes":""},"categories":[3,11],"tags":[],"class_list":["post-20","post","type-post","status-publish","format-standard","has-post-thumbnail","hentry","category-international","category-stage"],"acf":[],"_links":{"self":[{"href":"https:\/\/temoignages.cpe.fr\/fr\/wp-json\/wp\/v2\/posts\/20","targetHints":{"allow":["GET"]}}],"collection":[{"href":"https:\/\/temoignages.cpe.fr\/fr\/wp-json\/wp\/v2\/posts"}],"about":[{"href":"https:\/\/temoignages.cpe.fr\/fr\/wp-json\/wp\/v2\/types\/post"}],"author":[{"embeddable":true,"href":"https:\/\/temoignages.cpe.fr\/fr\/wp-json\/wp\/v2\/users\/1"}],"replies":[{"embeddable":true,"href":"https:\/\/temoignages.cpe.fr\/fr\/wp-json\/wp\/v2\/comments?post=20"}],"version-history":[{"count":83,"href":"https:\/\/temoignages.cpe.fr\/fr\/wp-json\/wp\/v2\/posts\/20\/revisions"}],"predecessor-version":[{"id":402,"href":"https:\/\/temoignages.cpe.fr\/fr\/wp-json\/wp\/v2\/posts\/20\/revisions\/402"}],"wp:featuredmedia":[{"embeddable":true,"href":"https:\/\/temoignages.cpe.fr\/fr\/wp-json\/wp\/v2\/media\/22"}],"wp:attachment":[{"href":"https:\/\/temoignages.cpe.fr\/fr\/wp-json\/wp\/v2\/media?parent=20"}],"wp:term":[{"taxonomy":"category","embeddable":true,"href":"https:\/\/temoignages.cpe.fr\/fr\/wp-json\/wp\/v2\/categories?post=20"},{"taxonomy":"post_tag","embeddable":true,"href":"https:\/\/temoignages.cpe.fr\/fr\/wp-json\/wp\/v2\/tags?post=20"}],"curies":[{"name":"wp","href":"https:\/\/api.w.org\/{rel}","templated":true}]}}